{"id":3563,"date":"2022-01-01T00:01:00","date_gmt":"2022-01-01T05:01:00","guid":{"rendered":"https:\/\/fibrocanada.ca\/?page_id=3563"},"modified":"2025-08-04T20:53:58","modified_gmt":"2025-08-05T02:53:58","slug":"history-of-fibromyalgia","status":"publish","type":"post","link":"https:\/\/www.fibrocanada.ca\/fr\/history-of-fibromyalgia","title":{"rendered":"Histoire de la fibromyalgie"},"content":{"rendered":"<p style=\"font-size:18px\">Living with fibromyalgia is not easy! Any chronic health condition has its challenges of course, but fibromyalgia can be more challenging than most. To explain why, let's learn a bit about the condition and its history.&nbsp;<\/p>\n\n\n\n<p style=\"font-size:18px\">La fibromyalgie est une maladie chronique g\u00e9n\u00e9ralis\u00e9e qui prive d'ind\u00e9pendance, de libert\u00e9 et bien plus encore. Elle affecte \u00e9galement votre sommeil, ce qui r\u00e9duit votre capacit\u00e9 \u00e0 g\u00e9rer la douleur. Ajoutez \u00e0 cela un fibrobloutisme qui vous donne l'impression d'oublier votre nom, et vous voil\u00e0 avec le point de d\u00e9part de cette maladie. L'absence de traitements, la suppression de traitements efficaces, l'incr\u00e9dulit\u00e9 de vos proches et des professionnels de sant\u00e9 rendent cette maladie difficile \u00e0 vivre. Nous ne la souhaitons \u00e0 personne.&nbsp;&nbsp;<\/p>\n\n\n\n<p style=\"font-size:18px\">On estime que cette maladie touche entre 2 et 5 % de la population, mais sans un diagnostic pr\u00e9cis, ces chiffres sont contestables. Cependant, nous sommes aujourd'hui plus conscients qu'il y a 5 ou 10 ans.&nbsp;<\/p>\n\n\n\n<h1 class=\"wp-block-heading has-text-color\" style=\"color:#6a0dad\">Br\u00e8ve histoire de la fibromyalgie<\/h1>\n\n\n\n<p><\/p>\n\n\n\n<p style=\"font-size:18px\">Fibromyalgia is usually thought of as a fairly new illness or a fad diagnosis. However, it may have actually existed for centuries. Although the term \"fibromyalgia\" was first coined in 1976, physicians have written about conditions resembling fibromyalgia since the early 1800's. Reports of illnesses with strikingly similar symptoms can even be found as far back as around 1500 BC.<\/p>\n\n\n\n<p style=\"font-size:18px\"><\/p>\n\n\n\n<h2 class=\"wp-block-heading\"><strong>R\u00e9cits historiques notables<\/strong><\/h2>\n\n\n\n<p style=\"font-size:18px\">Probably the earliest description of a fibromyalgia-like condition is found in the Biblical account of Job's physical anguish. \"I, too, have been assigned months of futility, long and weary nights of misery. When I go to bed, I think, `When will it be morning?' But the night drags on, and I toss till dawn...And now my heart is broken. Depression haunts my days. My weary nights are filled with pain as though something were relentlessly gnawing at my bones.\" (Job 7:3-4 and 30:16-17 - NLT)<\/p>\n\n\n\n<p style=\"font-size:18px\">In the 19th century, the English army nurse and Red Cross pioneer Florence Nightingale was taken ill with fibromyalgia-like symptoms. She became ill while working on the front lines during the Crimean War (1854 - 1856) and never really recovered. Until her death in 1910, Nightingale was virtually bedridden much of the time, suffering with unrelenting pain and fatigue.<\/p>\n\n\n\n<figure class=\"wp-block-table\" style=\"font-size:18px\"><table><tbody><tr>\n<td valign=\"top\"><strong>500 BC<\/strong><\/td><td>Les temps bibliques, avec la vie de Job, font r\u00e9f\u00e9rence \u00e0 Job 7:3-4, qui d\u00e9clare\u00a0: \u00ab\u00a0Ainsi, des mois de futilit\u00e9 m\u2019ont \u00e9t\u00e9 assign\u00e9s, et des nuits de mis\u00e8re m\u2019ont \u00e9t\u00e9 assign\u00e9es. Quand je me couche, je me demande\u00a0: \u201cCombien de temps avant de me lever\u00a0?\u201d La nuit s\u2019\u00e9ternise, et je suis agit\u00e9 jusqu\u2019\u00e0 l\u2019aube.\u00a0\u00bb Ils font \u00e9galement r\u00e9f\u00e9rence \u00e0 Job 30:16-17, qui d\u00e9clare\u00a0: \u00ab\u00a0Et maintenant ma vie s\u2019\u00e9puise\u00a0; des jours de souffrance m\u2019\u00e9treignent. La nuit transperce mes os\u00a0; mes douleurs ne cessent jamais.\u00a0\u00bb<\/td><\/tr><tr>\n<td valign=\"top\"><strong>410 BC<\/strong><\/td><td>Hippocrate (430-380 av. J.-C.) a d\u00e9crit la \u00ab\u00a0th\u00e9orie Rheuma\u00a0\u00bb comme un m\u00e9canisme de la douleur o\u00f9 le cerveau envoie un exc\u00e8s de liquide au membre inf\u00e9rieur, ce qui aggrave la douleur. Rheuma signifie fluide en grec.<\/td><\/tr><tr>\nrhumatisme qui incluait des conditions comme la fibromyalgie qui ne causaient pas de d\u00e9formation, il y a eu un effort pour mieux le d\u00e9finir.<\/td><\/tr><tr>\n<td valign=\"top\"><strong>1600<\/strong>'s&nbsp;&nbsp;<\/td><td>Les sympt\u00f4mes de type fibromyalgie ont d\u2019abord re\u00e7u un nom : rhumatisme musculaire.<\/td><\/tr><tr>\n<td valign=\"top\"><strong>1816<\/strong><\/td><td>Le Dr William Balfour, chirurgien \u00e0 l\u2019Universit\u00e9 d\u2019\u00c9dimbourg, a donn\u00e9 la premi\u00e8re description compl\u00e8te de la fibromyalgie.<\/td><\/tr><tr>\n<td valign=\"top\"><strong>1824<\/strong><\/td><td>Le Dr Balfour d\u2019Edimbourg a d\u00e9crit les points sensibles.<\/td><\/tr><tr>\n<td valign=\"top\"><strong>1829<\/strong><\/td><td>Graisse et sang\u00a0: Traitement des diff\u00e9rentes formes de neurasth\u00e9nie et d\u2019hyst\u00e9rie. Le Dr Silas Weir Mitchell, m\u00e9decin am\u00e9ricain, a \u00e9tudi\u00e9 les probl\u00e8mes physiologiques et psychologiques associ\u00e9s. Le Dr Mitchell utilise le terme \u00ab\u00a0neurasth\u00e9nie\u00a0\u00bb pour d\u00e9signer une faiblesse m\u00e9canique des nerfs d\u00e8s 1829.<\/td><\/tr><tr>\n<td valign=\"top\"><strong>1850<\/strong>'s<\/td><td>Florence Nightingale, r\u00e9formatrice sociale, statisticienne et fondatrice des soins infirmiers, servit comme infirmi\u00e8re dans l'arm\u00e9e anglaise pendant la guerre de Crim\u00e9e. Elle tomba malade pendant la guerre, souffrant de sympt\u00f4mes proches de la fibromyalgie, dont elle ne se remettra jamais. Alit\u00e9e par la douleur et la fatigue jusqu'\u00e0 la fin de ses jours, elle mourut en 1910.<\/td><\/tr><tr>\n<td valign=\"top\"><strong>1869<\/strong><\/td><td>En tant que terme psychopathologique, la neurasth\u00e9nie a \u00e9t\u00e9 utilis\u00e9e plus tard par Beard en 1869 pour d\u00e9signer une condition pr\u00e9sentant des sympt\u00f4mes de fatigue, d'anxi\u00e9t\u00e9, de maux de t\u00eate, de n\u00e9vralgie et d'humeur d\u00e9pressive.<\/td><\/tr><tr>\n<td valign=\"top\"><strong>1870<\/strong><\/td><td>William James, philosophe et psychologue am\u00e9ricain, \u00e9galement m\u00e9decin de formation, souffrait de neurasth\u00e9nie chronique. Les Am\u00e9ricains \u00e9taient r\u00e9put\u00e9s pour \u00eatre particuli\u00e8rement sujets \u00e0 la neurasth\u00e9nie, d'o\u00f9 le surnom d'\u00ab\u00a0am\u00e9ricanite\u00a0\u00bb, popularis\u00e9 par William James.<\/td><\/tr><tr>\n<td valign=\"top\"><strong>1880<\/strong><\/td><td>Un psychiatre aux \u00c9tats-Unis a \u00e9crit sur un groupe de sympt\u00f4mes comprenant des douleurs g\u00e9n\u00e9ralis\u00e9es, de la fatigue et des probl\u00e8mes psychologiques faisant r\u00e9f\u00e9rence \u00e0 la neurasth\u00e9nie et pensait qu'elle \u00e9tait le r\u00e9sultat du stress.<\/td><\/tr><tr>\n<td valign=\"top\"><strong>1881<\/strong><\/td><td>Le profil clinique et diagnostique de l'\u00e9puisement nerveux (neurasth\u00e9nie) a \u00e9t\u00e9 d\u00e9crit pour la premi\u00e8re fois en 1881 par le Dr George Miller Beard, neurologue pionnier et dipl\u00f4m\u00e9 du Coll\u00e8ge des m\u00e9decins et chirurgiens de New York. Beard fondait ses id\u00e9es sur la th\u00e9orie de l'\u00ab \u00e9nergie nerveuse \u00bb, c'est-\u00e0-dire la sant\u00e9 et les capacit\u00e9s du syst\u00e8me nerveux. L'\u00e9puisement ou l'abus d'\u00e9nergie provoquait un \u00e9puisement nerveux invalidant. Les ouvrages les plus connus de Beard sont \u00ab\u00a0American Nervousness, With Its Causes and Consequences\u00a0\u00bb (1880) et \u00ab\u00a0Practice Treatise on Nervous Exhaustion\u00a0\u00bb (1884).<\/td><\/tr><tr>\n<td valign=\"top\"><strong>1904<\/strong><\/td><td>Sir William Gowers a invent\u00e9 le terme fibrosite (qui signifie litt\u00e9ralement inflammation des fibres) pour d\u00e9signer les points sensibles trouv\u00e9s chez les patients atteints de rhumatisme musculaire.<\/td><\/tr><tr>\n<td valign=\"top\"><strong>1972<\/strong><\/td><td>Le Dr Hugh Smythe a jet\u00e9 les bases de la d\u00e9finition moderne de la fibromyalgie en d\u00e9crivant une douleur g\u00e9n\u00e9ralis\u00e9e et des points sensibles.<\/td><\/tr><tr>\n<td valign=\"top\"><strong>1975<\/strong><\/td><td>La premi\u00e8re \u00e9tude d\u2019\u00e9lectroenc\u00e9phalogramme du sommeil identifiant les troubles du sommeil qui accompagnent la fibromyalgie a \u00e9t\u00e9 r\u00e9alis\u00e9e.<\/td><\/tr><tr><td valign=\"top\"><strong>1976<\/strong><\/td><td>Comme aucune preuve d\u2019inflammation n\u2019a pu \u00eatre trouv\u00e9e, les m\u00e9decins ont chang\u00e9 le nom de fibrosite en fibromyalgie (qui signifie douleur dans les muscles et les tissus).<\/td><\/tr><tr>\n<td valign=\"top\"><strong>1981<\/strong><\/td><td>La premi\u00e8re \u00e9tude clinique contr\u00f4l\u00e9e avec validation des sympt\u00f4mes connus et des points sensibles a \u00e9t\u00e9 publi\u00e9e.<\/td><\/tr><tr>\n<td valign=\"top\"><strong>1987<\/strong><\/td><td>L\u2019Association m\u00e9dicale am\u00e9ricaine a reconnu la fibromyalgie comme une v\u00e9ritable maladie physique.<\/td><\/tr><tr>\n<td valign=\"top\"><strong>1990<\/strong><\/td><td>L'American College of Rheumatology a \u00e9labor\u00e9 des crit\u00e8res diagnostiques pour la fibromyalgie destin\u00e9s \u00e0 la recherche. Ces crit\u00e8res ont rapidement \u00e9t\u00e9 utilis\u00e9s par les cliniciens pour les aider \u00e0 diagnostiquer leurs patients.<\/td><\/tr><tr>\n<td valign=\"top\"><strong>1990<\/strong>'s<\/td><td>Le concept de m\u00e9canismes neurohormonaux avec sensibilisation centrale a \u00e9t\u00e9 d\u00e9velopp\u00e9.<\/td><\/tr><tr>\n<td valign=\"top\"><strong>1994<\/strong><\/td><td>Des recherches ont montr\u00e9 des niveaux \u00e9lev\u00e9s de substance P dans le liquide c\u00e9phalorachidien chez les patients atteints du syndrome de fibromyalgie (IJ Russell, MD Orr, B Littman, GA Vipraio)<\/td><\/tr><tr>\n<td valign=\"top\"><strong>1999<\/strong><\/td><td>\u00a0Introduction du Dr Michael J. Rosner concernant un possible chevauchement entre la fibromyalgie et la malformation de Chiari\/st\u00e9nose cervicale. Cette \u00e9tude a \u00e9t\u00e9 reprise en 2000 par le Dr Rosner et d'autres chercheurs, dont le Dr Robert Bennett.<\/td><\/tr><tr>\n<td valign=\"top\"><strong>2007<\/strong><\/td><td class=\"translation-block\">La Food and Drug Administration (FDA) des \u00c9tats-Unis a approuv\u00e9 le m\u00e9dicament Lyrica pour le traitement de la fibromyalgie. Il s'agit du premier m\u00e9dicament \u00e0 recevoir l'approbation de la FDA pour ce traitement. Par la suite, Cymbalta et Savella (non disponibles au Canada) ont \u00e9galement re\u00e7u l'approbation de la FDA pour le traitement de la fibromyalgie.<\/td><\/tr><tr>\n<td valign=\"top\"><strong>2011<\/strong><\/td><td>Des recherches men\u00e9es par des m\u00e9decins cor\u00e9ens ont montr\u00e9 que les femmes atteintes de fibromyalgie pr\u00e9sentaient des taux plus faibles de calcium, de magn\u00e9sium, de fer et de mangan\u00e8se lors d'analyses min\u00e9rales capillaires. (Minist\u00e8re de la Connaissance et de l'\u00c9conomie et Programme de recherche et d\u00e9veloppement de pointe en Cor\u00e9e), J Korean Med Sci. Octobre 2011\u00a0; 26(10)\u00a0: 1253\u20131257<\/td><\/tr><\/tbody><\/table><\/figure>\n\n\n\n<h2 class=\"wp-block-heading\"><strong>Th\u00e9ories<\/strong><\/h2>\n\n\n\n<p style=\"font-size:18px\">Au fil des ans, diverses th\u00e9ories sur la fibromyalgie et ses causes ont \u00e9merg\u00e9. Malheureusement, pendant plusieurs si\u00e8cles, la fibromyalgie a \u00e9t\u00e9 consid\u00e9r\u00e9e par la plupart des m\u00e9decins comme un trouble psychologique. Ses victimes, principalement des femmes, \u00e9taient accus\u00e9es d'\u00eatre hypocondriaques, de simuler ou simplement de chercher \u00e0 attirer l'attention. Aujourd'hui encore, certains persistent \u00e0 s'accrocher \u00e0 cette th\u00e9orie.<\/p>\n\n\n\n<p style=\"font-size:18px\">Au cours du XXe si\u00e8cle, la fibromyalgie a commenc\u00e9 \u00e0 \u00eatre reconnue par certains professionnels de la sant\u00e9 comme une v\u00e9ritable maladie physique. On a d'abord pens\u00e9 qu'il s'agissait d'une maladie des muscles et des tissus fibreux, une hypoth\u00e8se logique puisque les douleurs musculaires semblaient en \u00eatre le principal sympt\u00f4me. Cependant, les tests effectu\u00e9s sur les muscles et les tissus des patients atteints de fibromyalgie n'ont r\u00e9v\u00e9l\u00e9 aucune l\u00e9sion r\u00e9elle. Par la suite, les chercheurs ont \u00e9mis l'hypoth\u00e8se d'une maladie auto-immune, mais les recherches n'ont r\u00e9v\u00e9l\u00e9 aucun trouble du syst\u00e8me immunitaire.<\/p>\n\n\n\n<p style=\"font-size:18px\">Finalement, \u00e0 l'approche du XXIe si\u00e8cle et avec l'arriv\u00e9e de nouvelles m\u00e9thodes d'analyse en laboratoire et d'imagerie c\u00e9r\u00e9brale, les chercheurs ont pu identifier une sensibilisation du syst\u00e8me nerveux central chez les patients atteints de fibromyalgie. Aujourd'hui, les recherches en cours continuent de r\u00e9v\u00e9ler de nouvelles informations passionnantes sur les causes et le traitement de la fibromyalgie. Esp\u00e9rons qu'un jour prochain, la fibromyalgie sera rel\u00e9gu\u00e9e aux oubliettes.<\/p>\n\n\n\n<p class=\"translation-block\"><strong>R\u00e9f.\u00a0:<\/strong> <em><a rel=\"noreferrer noopener\" href=\"https:\/\/drrory.wordpress.com\/brief-history-of-fibromyalgia\/\" target=\"_blank\">Pr\u00e9par\u00e9 par Rory Fleming Richardson, Ph.D., ABMP<\/a><\/em> | <a href=\"https:\/\/www.healthcentral.com\/amp\/article\/history-of-fibromyalgia\" target=\"_blank\" rel=\"noreferrer noopener\">HealthCentral<\/a> |<\/p>\n\n\n\n\n<ul class=\"wp-block-latest-posts__list wp-block-latest-posts\"><\/ul>","protected":false},"excerpt":{"rendered":"<p>La fibromyalgie est reconnue dans la litt\u00e9rature m\u00e9dicale depuis des si\u00e8cles, mais ce n'est qu'\u00e0 la fin du XXe si\u00e8cle qu'elle a \u00e9t\u00e9 davantage reconnue comme une maladie chronique \u00e0 part enti\u00e8re. Au fil du temps, la recherche a permis de mieux comprendre sa nature complexe, permettant ainsi un meilleur diagnostic et une meilleure compr\u00e9hension de ses sympt\u00f4mes complexes.<\/p>","protected":false},"author":3,"featured_media":20760,"comment_status":"closed","ping_status":"closed","sticky":false,"template":"","format":"standard","meta":{"_acf_changed":false,"pmpro_default_level":"","footnotes":""},"categories":[12],"tags":[],"class_list":["post-3563","post","type-post","status-publish","format-standard","has-post-thumbnail","hentry","category-understanding-fm","pmpro-has-access"],"acf":[],"_links":{"self":[{"href":"https:\/\/www.fibrocanada.ca\/fr\/wp-json\/wp\/v2\/posts\/3563","targetHints":{"allow":["GET"]}}],"collection":[{"href":"https:\/\/www.fibrocanada.ca\/fr\/wp-json\/wp\/v2\/posts"}],"about":[{"href":"https:\/\/www.fibrocanada.ca\/fr\/wp-json\/wp\/v2\/types\/post"}],"author":[{"embeddable":true,"href":"https:\/\/www.fibrocanada.ca\/fr\/wp-json\/wp\/v2\/users\/3"}],"replies":[{"embeddable":true,"href":"https:\/\/www.fibrocanada.ca\/fr\/wp-json\/wp\/v2\/comments?post=3563"}],"version-history":[{"count":0,"href":"https:\/\/www.fibrocanada.ca\/fr\/wp-json\/wp\/v2\/posts\/3563\/revisions"}],"wp:featuredmedia":[{"embeddable":true,"href":"https:\/\/www.fibrocanada.ca\/fr\/wp-json\/wp\/v2\/media\/20760"}],"wp:attachment":[{"href":"https:\/\/www.fibrocanada.ca\/fr\/wp-json\/wp\/v2\/media?parent=3563"}],"wp:term":[{"taxonomy":"category","embeddable":true,"href":"https:\/\/www.fibrocanada.ca\/fr\/wp-json\/wp\/v2\/categories?post=3563"},{"taxonomy":"post_tag","embeddable":true,"href":"https:\/\/www.fibrocanada.ca\/fr\/wp-json\/wp\/v2\/tags?post=3563"}],"curies":[{"name":"wp","href":"https:\/\/api.w.org\/{rel}","templated":true}]}}