{"id":3338,"date":"2022-02-14T14:10:02","date_gmt":"2022-02-14T19:10:02","guid":{"rendered":"https:\/\/fibrocanada.ca\/?page_id=3338"},"modified":"2025-09-12T13:45:15","modified_gmt":"2025-09-12T17:45:15","slug":"may12th-purpose","status":"publish","type":"post","link":"https:\/\/www.fibrocanada.ca\/fr\/may12th-purpose","title":{"rendered":"12 mai \u2013 Journ\u00e9e de sensibilisation \u00e0 la fibromyalgie"},"content":{"rendered":"<h1 class=\"wp-block-heading has-text-color\" id=\"purpose-of-the-day-and-need-for-action\" style=\"color:#6a0dad\">But<\/h1>\n\n\n\n<p style=\"font-size:18px\">La Journ\u00e9e de sensibilisation \u00e0 la fibromyalgie, c\u00e9l\u00e9br\u00e9e chaque ann\u00e9e le 12 mai, vise \u00e0 sensibiliser le public \u00e0 la fibromyalgie, une maladie chronique caract\u00e9ris\u00e9e par des douleurs g\u00e9n\u00e9ralis\u00e9es, de la fatigue et des troubles cognitifs. Cette journ\u00e9e vise \u00e0 informer le public, \u00e0 plaider pour un meilleur soutien et \u00e0 favoriser la compr\u00e9hension des personnes atteintes de fibromyalgie, tout en promouvant la recherche et les avanc\u00e9es th\u00e9rapeutiques.<\/p>\n\n\n\n<p style=\"font-size:18px\"><\/p>\n\n\n\n<h2 class=\"wp-block-heading has-text-color\" id=\"what-can-you-do-to-help\" style=\"color:#6a0dad\">Que pouvez-vous faire pour aider ?<\/h2>\n\n\n\n<p style=\"font-size:18px\">Il existe de nombreuses choses que vous pouvez faire pour contribuer \u00e0 sensibiliser \u00e0 la fibromyalgie, notamment :<\/p>\n\n\n\n<ul class=\"wp-block-list has-medium-font-size\">\n<li class=\"translation-block\">Renseignez-vous sur la fibromyalgie et contribuez \u00e0 la sensibiliser aupr\u00e8s de vos amis, de votre famille, du corps m\u00e9dical et des responsables politiques, que ce soit en personne, en publiant un blog ou via vos r\u00e9seaux sociaux. Si tous les malades s'informent d'abord eux-m\u00eames, puis les autres, la sensibilisation augmentera. Cette sensibilisation favorisera l'acc\u00e8s aux ressources et \u00e0 la recherche.<\/li>\n\n\n\n<li class=\"translation-block\"><strong>Soutenir<\/strong> ceux qui ont re\u00e7u un diagnostic de fibromyalgie<\/li>\n\n\n\n<li class=\"translation-block\"><a href=\"https:\/\/www.fibrocanada.ca\/fr\/members\/\" target=\"_self\"><strong>Devenez membre<\/strong><\/a>\u00a0de l'Association canadienne de la fibromyalgie (ACF)\u00a0\u2013\u00a0<em>gratuitement<\/em><\/li>\n\n\n\n<li class=\"translation-block\"><strong><a href=\"https:\/\/www.fibrocanada.ca\/fr\/members\/volunteer\/opportunities\/\" data-type=\"page\" data-id=\"282\" target=\"_self\">Devenez b\u00e9n\u00e9vole au FAC<\/a><\/strong> <font size=\"-1\">(apr\u00e8s \u00eatre devenu membre)<\/font><\/li>\n\n\n\n<li class=\"translation-block\"><strong>Suivez et partagez<\/strong>\u00a0Association canadienne de la fibromyalgie (ACF)\u00a0; site Web,\u00a0<a href=\"http:\/\/facebook.com\/fibrocanada2021\" target=\"_blank\" rel=\"noreferrer noopener\">Facebook<\/a>,\u00a0<a href=\"http:\/\/twitter.com\/fibrocanada\" target=\"_blank\" rel=\"noreferrer noopener\">Twitter<\/a>,\u00a0<a href=\"https:\/\/www.instagram.com\/fibrocanadafac\/\" target=\"_blank\" rel=\"noreferrer noopener\">Instagram<\/a>,\u00a0<a href=\"https:\/\/www.pinterest.ca\/doodlema113\/\" target=\"_blank\" rel=\"noreferrer noopener\">Pinterest<\/a>,\u00a0<a href=\"https:\/\/www.linkedin.com\/company\/74706067\/\" target=\"_blank\" rel=\"noreferrer noopener\">LinkedIn<\/a> et <a href=\"https:\/\/www.youtube.com\/@FibromyalgiaAssociationCanada\" target=\"_blank\" rel=\"noreferrer noopener\">YouTube<\/a><\/li>\n\n\n\n<li class=\"translation-block\">Si vous pouvez vous le permettre, veuillez\u00a0<a href=\"https:\/\/www.fibrocanada.ca\/fr\/donate\/\" target=\"_self\"><strong>faire un don<\/strong><\/a>\u00a0pour soutenir\u00a0<strong><em>l'Association canadienne de la fibromyalgie (ACF)<\/em><\/strong><\/li>\n<\/ul>\n\n\n\n<figure class=\"wp-block-image alignright size-full is-resized\"><img loading=\"lazy\" decoding=\"async\" width=\"310\" height=\"310\" src=\"https:\/\/fibrocanada.ca\/wp-content\/uploads\/2022\/03\/PurpleClothes.jpg\" alt=\"\" class=\"wp-image-3450\" style=\"width:233px;height:233px\" srcset=\"https:\/\/www.fibrocanada.ca\/wp-content\/uploads\/2022\/03\/PurpleClothes.jpg 310w, https:\/\/www.fibrocanada.ca\/wp-content\/uploads\/2022\/03\/PurpleClothes-12x12.jpg 12w, https:\/\/www.fibrocanada.ca\/wp-content\/uploads\/2022\/03\/PurpleClothes-150x150.jpg 150w, https:\/\/www.fibrocanada.ca\/wp-content\/uploads\/2022\/03\/PurpleClothes-300x300.jpg 300w\" sizes=\"(max-width: 310px) 100vw, 310px\" \/><\/figure>\n\n\n\n<ul class=\"wp-block-list has-medium-font-size\">\n<li class=\"translation-block\">Portez du violet\u00a0: que ce soit un t-shirt, un chapeau, ou m\u00eame un bracelet, etc., non pas pour attirer l\u2019attention sur vous, mais pour susciter une conversation sur ce qu\u2019est la fibromyalgie.<\/li>\n\n\n\n<li class=\"translation-block\">Vous pourriez partager votre histoire avec d'autres personnes pour les aider \u00e0 comprendre ce que vous vivez avec la fibromyalgie. Parlez de vos sympt\u00f4mes et de vos difficult\u00e9s. Publiez une version condens\u00e9e sur les r\u00e9seaux sociaux pour informer les gens que votre objectif est de sensibiliser le public. Vous pourriez \u00e9galement la publier sur notre page <strong><em><a href=\"https:\/\/www.fibrocanada.ca\/fr\/fm-patient-stories\/\" data-type=\"post\" data-id=\"741\" target=\"_self\">Histoires de patients atteints de fibromyalgie<\/a><\/em><\/strong><\/li>\n\n\n\n<li class=\"translation-block\">Utilisez <strong>#FibromyalgiaAwarenessDay<\/strong>, <strong>#FMAwarenessDay<\/strong>, <strong>#FibromyalgiaAssociationCanada<\/strong>, <strong>#FAC<\/strong> ou tout autre hashtag li\u00e9 \u00e0 la <strong>#fibromyalgie<\/strong> pour publier sur les m\u00e9dias sociaux<\/li>\n\n\n\n<li class=\"translation-block\"><strong>Pensez violet<\/strong>\u00a0: d\u00e9corez votre porte d'entr\u00e9e ou votre fen\u00eatre en violet, cr\u00e9ez des affiches avec des informations sur la fibromyalgie<\/li>\n\n\n\n<li><strong>Illuminate <\/strong>your house, apartment, or even your business in purple<\/li>\n\n\n\n<li class=\"translation-block\">Prenez un selfie ou demandez \u00e0 quelqu'un de vous prendre en photo sur un ou plusieurs des <strong><a href=\"https:\/\/www.fibrocanada.ca\/fr\/illumination-2024\/\" data-type=\"post\" data-id=\"12060\" target=\"_self\">sites Illumination<\/a><\/strong><a href=\"https:\/\/www.fibrocanada.ca\/fr\/awareness\/may12th\/illumination\/\" target=\"_self\"><strong>sites<\/strong><\/a> et partagez-le.<\/li>\n\n\n\n<li class=\"translation-block\">Organisez un vide-grenier (ou une vente de garage) (en impliquant vos voisins pour une grande manifestation dans la rue) pour collecter des fonds et sensibiliser le public. Faites savoir \u00e0 qui vous donnerez l'argent r\u00e9colt\u00e9.<\/li>\n\n\n\n<li>Laissez libre cours \u00e0 votre imagination et \u00e0 votre cr\u00e9ativit\u00e9<\/li>\n<\/ul>\n\n\n\n<p style=\"font-size:18px\">Quelle que soit votre d\u00e9cision pour avoir un impact sur les personnes souffrant de fibromyalgie, chaque petit geste contribue \u00e0 faire passer le message et \u00e0 aider ceux qui souffrent de cette horrible maladie chronique.<\/p>","protected":false},"excerpt":{"rendered":"<p>La Journ\u00e9e de sensibilisation \u00e0 la fibromyalgie, qui a lieu chaque ann\u00e9e le 12 mai, met en lumi\u00e8re les d\u00e9fis quotidiens rencontr\u00e9s par les personnes atteintes de cette maladie chronique. Elle met l'accent sur l'\u00e9ducation, la sensibilisation et l'avancement de la recherche afin d'am\u00e9liorer la compr\u00e9hension et le soutien.<\/p>","protected":false},"author":3,"featured_media":20752,"comment_status":"closed","ping_status":"closed","sticky":false,"template":"","format":"standard","meta":{"_acf_changed":false,"pmpro_default_level":"","footnotes":""},"categories":[38,37],"tags":[],"class_list":["post-3338","post","type-post","status-publish","format-standard","has-post-thumbnail","hentry","category-awareness-month","category-may-12","pmpro-has-access"],"acf":[],"_links":{"self":[{"href":"https:\/\/www.fibrocanada.ca\/fr\/wp-json\/wp\/v2\/posts\/3338","targetHints":{"allow":["GET"]}}],"collection":[{"href":"https:\/\/www.fibrocanada.ca\/fr\/wp-json\/wp\/v2\/posts"}],"about":[{"href":"https:\/\/www.fibrocanada.ca\/fr\/wp-json\/wp\/v2\/types\/post"}],"author":[{"embeddable":true,"href":"https:\/\/www.fibrocanada.ca\/fr\/wp-json\/wp\/v2\/users\/3"}],"replies":[{"embeddable":true,"href":"https:\/\/www.fibrocanada.ca\/fr\/wp-json\/wp\/v2\/comments?post=3338"}],"version-history":[{"count":0,"href":"https:\/\/www.fibrocanada.ca\/fr\/wp-json\/wp\/v2\/posts\/3338\/revisions"}],"wp:featuredmedia":[{"embeddable":true,"href":"https:\/\/www.fibrocanada.ca\/fr\/wp-json\/wp\/v2\/media\/20752"}],"wp:attachment":[{"href":"https:\/\/www.fibrocanada.ca\/fr\/wp-json\/wp\/v2\/media?parent=3338"}],"wp:term":[{"taxonomy":"category","embeddable":true,"href":"https:\/\/www.fibrocanada.ca\/fr\/wp-json\/wp\/v2\/categories?post=3338"},{"taxonomy":"post_tag","embeddable":true,"href":"https:\/\/www.fibrocanada.ca\/fr\/wp-json\/wp\/v2\/tags?post=3338"}],"curies":[{"name":"wp","href":"https:\/\/api.w.org\/{rel}","templated":true}]}}