{"id":3326,"date":"2022-03-02T15:22:55","date_gmt":"2022-03-02T20:22:55","guid":{"rendered":"https:\/\/fibrocanada.ca\/?page_id=3326"},"modified":"2025-09-12T13:57:44","modified_gmt":"2025-09-12T17:57:44","slug":"may12th","status":"publish","type":"post","link":"https:\/\/www.fibrocanada.ca\/fr\/may12th","title":{"rendered":"12 mai"},"content":{"rendered":"<h2 class=\"wp-block-heading\">May 12th -  <strong class=\"dracula-style-secondary_bg dracula-style-all dracula-processed\" data-dracula_alpha_bg=\"rgba(102, 102, 102, 0.2)\" data-dracula_preserved_classes=\"dracula-style-secondary_bg dracula-style-all dracula-processed\">la Journ\u00e9e internationale de sensibilisation \u00e0 la fibromyalgie <\/strong><\/h2>\n\n\n\n<p style=\"font-size:18px\"><\/p>\n\n\n\n<p style=\"font-size:18px\">Apprenez-en davantage et impliquez-vous ce 12 mai pour soutenir la communaut\u00e9 de la fibromyalgie.<\/p>\n\n\n\n<p style=\"font-size:18px\">Le 12 mai a \u00e9t\u00e9 d\u00e9sign\u00e9 Journ\u00e9e internationale de sensibilisation \u00e0 la fibromyalgie. Cette d\u00e9signation vise \u00e0 mieux faire comprendre cette maladie et les d\u00e9fis auxquels sont confront\u00e9es les personnes qui en sont atteintes. Cette journ\u00e9e est l'occasion pour l'Association canadienne de la fibromyalgie (ACF) et l'ensemble de la communaut\u00e9 fibromyalgique d'informer le public, de partager les exp\u00e9riences des patients, de promouvoir la recherche, d'organiser des campagnes et de promouvoir le soutien aux personnes touch\u00e9es par la fibromyalgie.<\/p>\n\n\n\n<h2 class=\"wp-block-heading\"><strong>Qu'est-ce que la fibromyalgie ?<\/strong><\/h2>\n\n\n\n<p class=\"has-black-color has-text-color\" style=\"font-size:18px\">La fibromyalgie est une maladie chronique et invisible qui touche environ deux millions de Canadiens et des millions d'autres dans le monde. Elle se caract\u00e9rise par des douleurs musculosquelettiques g\u00e9n\u00e9ralis\u00e9es, une fatigue persistante, des troubles du sommeil et des difficult\u00e9s cognitives, parfois appel\u00e9es \u00ab brouillard fibro \u00bb. Malgr\u00e9 sa pr\u00e9valence, la fibromyalgie est souvent mal comprise, car les gens ont tendance \u00e0 ne pas croire en ce qu'ils ne peuvent pas voir. La fibromyalgie est consid\u00e9r\u00e9e comme une \u00ab maladie invisible \u00bb, car les personnes qui en sont atteintes peuvent para\u00eetre en bonne sant\u00e9 ou pleinement fonctionnelles, mais \u00e9prouver quotidiennement des douleurs et une fatigue qui nuisent consid\u00e9rablement \u00e0 leur qualit\u00e9 de vie. Cette invisibilit\u00e9 peut entra\u00eener des malentendus, de la stigmatisation et de l'isolement, ce qui rend la sensibilisation et l'\u00e9ducation essentielles. <\/p>\n\n\n\n<p class=\"has-black-color has-text-color\" style=\"font-size:18px\">En se renseignant sur la fibromyalgie, en \u00e9coutant les voix des personnes touch\u00e9es et en plaidant en faveur de la sensibilisation, l\u2019Association canadienne de la fibromyalgie (ACF) esp\u00e8re cr\u00e9er un monde o\u00f9 les personnes vivant avec la fibromyalgie sont reconnues, soutenues et jamais rejet\u00e9es.<\/p>\n\n\n\n<p class=\"has-black-color has-text-color\" style=\"font-size:18px\">Partout au Canada et partout dans le monde, patients, aidants, familles et communaut\u00e9s soulignent le 12 mai par des \u00e9v\u00e9nements, des campagnes et des activit\u00e9s visant \u00e0 mettre en lumi\u00e8re les r\u00e9alit\u00e9s de la vie avec la fibromyalgie. L'objectif est de favoriser l'empathie, la compr\u00e9hension et l'action, en encourageant l'am\u00e9lioration du diagnostic, du traitement et des services de soutien.<\/p>\n\n\n\n<p class=\"has-black-color has-text-color\" style=\"font-size:18px\">En nous renseignant sur la fibromyalgie, en \u00e9coutant les voix des personnes touch\u00e9es et en plaidant pour la sensibilisation, nous pouvons contribuer \u00e0 cr\u00e9er un monde o\u00f9 les personnes vivant avec la fibromyalgie sont reconnues, soutenues et jamais rejet\u00e9es.<\/p>\n\n\n\n<h2 class=\"wp-block-heading\"><strong>Saviez-vous?<\/strong><\/h2>\n\n\n\n<p class=\"has-black-color has-text-color has-link-color wp-elements-9c111486ddc3a86fd3e0e4d47bd490bf\" style=\"font-size:18px\">La fibromyalgie est l'une des principales causes d'invalidit\u00e9 li\u00e9e \u00e0 la douleur chronique. Les co\u00fbts \u00e9conomiques et sociaux de la fibromyalgie sont consid\u00e9rables, non seulement pour les personnes atteintes, mais aussi pour les familles, les entreprises et le syst\u00e8me de sant\u00e9.<\/p>\n\n\n\n<h2 class=\"wp-block-heading translation-block\">Pourquoi le 12 mai ?<\/h2>\n\n\n\n<p class=\"has-black-color has-text-color has-link-color wp-elements-d0334aabd1763dbbf8ebac5ee919c021 translation-block\" style=\"font-size:18px\">Le 12 mai a \u00e9t\u00e9 choisi pour c\u00e9l\u00e9brer l'anniversaire de Florence Nightingale, fondatrice des soins infirmiers modernes, qui aurait souffert d'une maladie chronique semblable \u00e0 la fibromyalgie ou \u00e0 l'enc\u00e9phalomy\u00e9lite myalgique. Depuis 1992, cette date est consacr\u00e9e \u00e0 la sensibilisation internationale \u00e0 la fibromyalgie et est aujourd'hui une journ\u00e9e de reconnaissance au Canada et dans le monde entier. La Journ\u00e9e des infirmi\u00e8res et infirmiers est \u00e9galement c\u00e9l\u00e9br\u00e9e ce jour-l\u00e0, car c'est l'anniversaire de Florence Nightingale.<\/p>\n\n\n\n<p class=\"has-black-color has-text-color has-link-color wp-elements-b56528a15b4097fbb319d5a4cb46ae9a translation-block\" style=\"font-size:18px\">D\u2019autres maladies sont reconnues ce jour-l\u00e0, notamment la Journ\u00e9e internationale de l\u2019enc\u00e9phalomy\u00e9lite myalgique\/syndrome de fatigue chronique (EM\/SFC) et la Journ\u00e9e de la sensibilit\u00e9 chimique multiple (MCS).<\/p>\n\n\n\n<h2 class=\"wp-block-heading\"><strong>Le r\u00f4le du FAC<\/strong><\/h2>\n\n\n\n<p class=\"has-black-color has-text-color has-link-color wp-elements-53c1c231e3c5ed2dd10969bbdbcf35fd\" style=\"font-size:18px\">L'Association canadienne de la fibromyalgie (ACF) se consacre au soutien des personnes, des familles et des aidants touch\u00e9s par la fibromyalgie. Par le soutien par les pairs, la d\u00e9fense des droits, l'\u00e9ducation et les campagnes de sensibilisation, l'ACF s'efforce de donner une voix plus forte \u00e0 la communaut\u00e9 de la fibromyalgie \u00e0 l'\u00e9chelle nationale. Le 12 mai est l'occasion de souligner ce travail et de rassembler les gens dans un esprit de solidarit\u00e9. L'ACF souligne le 12 mai par des \u00e9v\u00e9nements, des campagnes et des activit\u00e9s. Les monuments s'illuminent de violet, les m\u00e9dias sociaux regorgent de messages de sensibilisation et l'ACF organise des pr\u00e9sentations, des ateliers et des groupes de soutien. Chaque effort contribue \u00e0 mettre en lumi\u00e8re les r\u00e9alit\u00e9s de la vie avec la fibromyalgie et l'urgence d'une meilleure compr\u00e9hension.<\/p>\n\n\n\n<p class=\"has-black-color has-text-color has-link-color wp-elements-722f07e197c25448ccfe82a12b78cda7\" style=\"font-size:18px\">Le 12 mai, rejoignez la FAC et la communaut\u00e9 de la fibromyalgie pour mettre en lumi\u00e8re la fibromyalgie. Ensemble, nous pouvons changer le discours, passer de l'invisibilit\u00e9 et de la stigmatisation \u00e0 la compassion, la compr\u00e9hension et l'espoir.<\/p>\n\n\n\n<p class=\"has-vivid-purple-color has-text-color has-link-color wp-elements-e1e1626a932fcab06c6f7aa5645df8e7\" style=\"font-size:18px\"><strong>N'oubliez pas : le 12 mai est plus qu'une date sur le calendrier, c'est un rappel de notre r\u00e9silience, de notre courage et de notre unit\u00e9. C'est aussi l'occasion de rendre hommage \u00e0 la force des personnes atteintes de fibromyalgie et d'inspirer un avenir rempli de compassion, de recherche et d'espoir.<\/strong><\/p>\n\n\n\n<p class=\"has-black-color has-text-color has-link-color wp-elements-6bcaecde4fc598554e859c69fb0e4cb7\" style=\"font-size:18px\"><strong>Pour plus d'informations sur le 12 mai, rendez-vous sur : <a href=\"https:\/\/fibrocanada.ca\/fr\/may12th-purpose\" target=\"_blank\" rel=\"noopener\">https:\/\/fibrocanada.ca\/fr\/may12th-purpose<\/a><\/strong><\/p>","protected":false},"excerpt":{"rendered":"<p>Le 12 mai est la Journ\u00e9e de sensibilisation \u00e0 la fibromyalgie, l'occasion de reconna\u00eetre la force de ceux d'entre nous qui vivent avec cette maladie. C'est l'occasion de sensibiliser, de r\u00e9duire la stigmatisation, d'\u00e9duquer et de plaider en faveur de fonds suppl\u00e9mentaires pour la recherche sur la fibromyalgie.<\/p>","protected":false},"author":3,"featured_media":20749,"comment_status":"closed","ping_status":"closed","sticky":false,"template":"","format":"standard","meta":{"_acf_changed":false,"pmpro_default_level":"","footnotes":""},"categories":[5,38,37],"tags":[],"class_list":["post-3326","post","type-post","status-publish","format-standard","has-post-thumbnail","hentry","category-awareness","category-awareness-month","category-may-12","pmpro-has-access"],"acf":[],"_links":{"self":[{"href":"https:\/\/www.fibrocanada.ca\/fr\/wp-json\/wp\/v2\/posts\/3326","targetHints":{"allow":["GET"]}}],"collection":[{"href":"https:\/\/www.fibrocanada.ca\/fr\/wp-json\/wp\/v2\/posts"}],"about":[{"href":"https:\/\/www.fibrocanada.ca\/fr\/wp-json\/wp\/v2\/types\/post"}],"author":[{"embeddable":true,"href":"https:\/\/www.fibrocanada.ca\/fr\/wp-json\/wp\/v2\/users\/3"}],"replies":[{"embeddable":true,"href":"https:\/\/www.fibrocanada.ca\/fr\/wp-json\/wp\/v2\/comments?post=3326"}],"version-history":[{"count":0,"href":"https:\/\/www.fibrocanada.ca\/fr\/wp-json\/wp\/v2\/posts\/3326\/revisions"}],"wp:featuredmedia":[{"embeddable":true,"href":"https:\/\/www.fibrocanada.ca\/fr\/wp-json\/wp\/v2\/media\/20749"}],"wp:attachment":[{"href":"https:\/\/www.fibrocanada.ca\/fr\/wp-json\/wp\/v2\/media?parent=3326"}],"wp:term":[{"taxonomy":"category","embeddable":true,"href":"https:\/\/www.fibrocanada.ca\/fr\/wp-json\/wp\/v2\/categories?post=3326"},{"taxonomy":"post_tag","embeddable":true,"href":"https:\/\/www.fibrocanada.ca\/fr\/wp-json\/wp\/v2\/tags?post=3326"}],"curies":[{"name":"wp","href":"https:\/\/api.w.org\/{rel}","templated":true}]}}