{"id":12978,"date":"2022-01-01T00:00:54","date_gmt":"2022-01-01T05:00:54","guid":{"rendered":"https:\/\/fibrocanada.ca\/?p=12978"},"modified":"2025-11-11T08:30:48","modified_gmt":"2025-11-11T13:30:48","slug":"what-is-fibromyalgia","status":"publish","type":"post","link":"https:\/\/www.fibrocanada.ca\/fr\/what-is-fibromyalgia","title":{"rendered":"Qu'est-ce que la fibromyalgie?"},"content":{"rendered":"<p style=\"font-size:18px\"><strong>Fibromyalgia (FM)<\/strong> is a medical condition characterized by chronic widespread pain - sometimes severe and often debilitating - and a heightened pain response to pressure.<\/p>\n\n\n\n<p style=\"font-size:18px\">La fibromyalgie est une maladie chronique qui affecte le syst\u00e8me nerveux central et provoque des douleurs dans tout le corps. Elle s'accompagne souvent de fatigue, de d\u00e9pression et de troubles du sommeil. Elle touche principalement les femmes et leurs multiples sympt\u00f4mes persistent souvent des ann\u00e9es sans diagnostic ni traitement ad\u00e9quats.<\/p>\n\n\n\n<div class=\"wp-block-columns is-not-stacked-on-mobile is-layout-flex wp-container-core-columns-is-layout-9d6595d7 wp-block-columns-is-layout-flex\">\n<div class=\"wp-block-column is-layout-flow wp-block-column-is-layout-flow\" style=\"flex-basis:25%\">\n<p><\/p>\n<\/div>\n\n\n\n<div class=\"wp-block-column is-layout-flow wp-block-column-is-layout-flow\" style=\"flex-basis:50%\">\n<hr class=\"wp-block-separator has-text-color has-alpha-channel-opacity has-background\" style=\"background-color:#6a0dad;color:#6a0dad\"\/>\n\n\n\n<p class=\"has-text-align-center\">\"One million Canadians have fibromyalgia and the time has come to take their suffering seriously. This is a real condition that greatly impacts patients and their families. Finally, there are national guidelines to help diagnose and treat this syndrome.\"<br><em>Dr. John Pereira, a study co-author from the University of Calgary's Faculty of Medicine and a physician at the Calgary Chronic Pain Centre (2012)<\/em><\/p>\n\n\n\n<hr class=\"wp-block-separator has-text-color has-alpha-channel-opacity has-background\" style=\"background-color:#6a0dad;color:#6a0dad\"\/>\n<\/div>\n\n\n\n<div class=\"wp-block-column is-layout-flow wp-block-column-is-layout-flow\" style=\"flex-basis:25%\"><\/div>\n<\/div>\n\n\n\n<p class=\"has-black-color has-text-color has-link-color wp-elements-6f4617997db8504ae6e9793d5dd71666\" style=\"font-size:18px\">The term \"fibromyalgia\" is from New Latin <em>fibro-<\/em>, meaning \"fibrous tissues\", Greek <em>myo-<\/em>, \"muscles\", and Greek <em>algos<\/em>, \"pain\"; thus the term literally means \"muscle and fibrous tissue pain\".<\/p>\n\n\n\n<p class=\"has-black-color has-text-color has-link-color wp-elements-fe7531bdb39558856bbd2831e4cf382c\" style=\"font-size:18px\">D'autres sympt\u00f4mes incluent une fatigue telle qu'elle perturbe les activit\u00e9s normales, des troubles du sommeil et des troubles de la m\u00e9moire. Certaines personnes signalent \u00e9galement un syndrome des jambes sans repos, des troubles intestinaux ou urinaires, des engourdissements et des picotements, ainsi qu'une sensibilit\u00e9 au bruit, \u00e0 la lumi\u00e8re ou \u00e0 la temp\u00e9rature. La fibromyalgie est fr\u00e9quemment associ\u00e9e \u00e0 la d\u00e9pression, \u00e0 l'anxi\u00e9t\u00e9 et au syndrome de stress post-traumatique. D'autres types de douleurs chroniques sont \u00e9galement fr\u00e9quemment pr\u00e9sents.<\/p>\n\n\n\n<p style=\"font-size:18px\">La cause ou les causes des sympt\u00f4mes associ\u00e9s \u00e0 la fibromyalgie n\u2019ont pas \u00e9t\u00e9 prouv\u00e9es et sont donc inconnues. Cependant, on pense qu\u2019elles impliquent une combinaison de facteurs g\u00e9n\u00e9tiques et environnementaux, chacun jouant un r\u00f4le important.<\/p>\n\n\n\n<p style=\"font-size:18px\">Il est possible que la maladie soit h\u00e9r\u00e9ditaire et que de nombreux g\u00e8nes soient impliqu\u00e9s. Les facteurs environnementaux peuvent inclure le stress psychologique, les traumatismes et certaines infections.<\/p>\n\n\n\n<p style=\"font-size:18px\">The pain appears to result from processes in the central nervous system and the condition is referred to as a \"central sensitization syndrome\".<\/p>\n\n\n\n<p style=\"font-size:18px\">Il n'existe pas de test diagnostique sp\u00e9cifique. Le diagnostic consiste d'abord \u00e0 exclure d'autres causes potentielles et \u00e0 v\u00e9rifier la pr\u00e9sence d'un certain nombre de sympt\u00f4mes.<\/p>\n\n\n\n<p style=\"font-size:18px\">There are very few physicians practicing that specialize in these conditions - leaving many people feeling unsupported and isolated.<\/p>\n\n\n\n<p style=\"font-size:18px\">Le traitement de la fibromyalgie peut \u00eatre complexe. Les recommandations incluent souvent un sommeil suffisant, une activit\u00e9 physique r\u00e9guli\u00e8re et une alimentation saine. La th\u00e9rapie cognitivo-comportementale (TCC) peut \u00e9galement \u00eatre utile.<\/p>\n\n\n\n<p style=\"font-size:18px\">The medications duloxetine (Cymbalta), milnacipran (Savella - not approved in Canada) or pregabalin (Lyrica) may be used.<\/p>\n\n\n\n<p style=\"font-size:18px\">Bien que la fibromyalgie puisse durer longtemps, elle n\u2019entra\u00eene pas de d\u00e9c\u00e8s ni de l\u00e9sions tissulaires.<\/p>\n\n\n\n<p style=\"font-size:18px\">On estime que la fibromyalgie touche 2 \u00e0 8 % de la population. Les femmes sont environ deux fois plus touch\u00e9es que les hommes.<\/p>\n\n\n\n<p style=\"font-size:18px\">La fibromyalgie a \u00e9t\u00e9 d\u00e9finie pour la premi\u00e8re fois en 1990, et les crit\u00e8res ont \u00e9t\u00e9 mis \u00e0 jour en 2011. La classification, le diagnostic et le traitement de la fibromyalgie font l'objet de controverses. Si certains estiment que le diagnostic de fibromyalgie peut avoir des cons\u00e9quences n\u00e9gatives, d'autres recherches le jugent b\u00e9n\u00e9fique.<\/p>\n\n\n\n<h2 class=\"wp-block-heading\" style=\"font-size:18px\">Quels sont certains des sympt\u00f4mes de la fibromyalgie\u00a0?<\/h2>\n\n\n\n<ul style=\"font-size:18px\" class=\"wp-block-list\">\n<li>Fatigue<\/li>\n\n\n\n<li>Raideur matinale<\/li>\n\n\n\n<li>Picotements ou engourdissements dans les mains et les pieds<\/li>\n\n\n\n<li>Maux de t\u00eate, y compris migraines<\/li>\n\n\n\n<li>Syndrome du c\u00f4lon irritable<\/li>\n\n\n\n<li>Troubles du sommeil\/insomnie<\/li>\n\n\n\n<li>Dysfonctionnement cognitif de la pens\u00e9e et de la m\u00e9moire (parfois appel\u00e9 \u00ab\u00a0brouillard fibromyalgique\u00a0\u00bb)<\/li>\n\n\n\n<li>R\u00e8gles douloureuses et autres syndromes douloureux<\/li>\n\n\n\n<li>Sensibilit\u00e9 au son, \u00e0 la lumi\u00e8re et \u00e0 la temp\u00e9rature<\/li>\n\n\n\n<li>Douleur aigu\u00eb et lancinante dans les zones du tissu conjonctif (\u00e0 c\u00f4t\u00e9 des articulations)<\/li>\n\n\n\n<li>Contractions musculaires<\/li>\n\n\n\n<li>Et plus<\/li>\n<\/ul>\n\n\n\n<h2 class=\"wp-block-heading\" style=\"font-size:18px\">Qui est atteint de fibromyalgie?<\/h2>\n\n\n\n<p class=\"has-black-color has-text-color has-link-color wp-elements-206cc7f7586613a7ba32ce554c5bf2e4\" style=\"font-size:18px\">La pr\u00e9valence de la fibromyalgie est d\u2019environ 2 % de la population, touchant environ 5 millions d\u2019adultes en 2005.<\/p>\n\n\n\n<ul style=\"font-size:18px\" class=\"wp-block-list\">\n<li>La plupart des personnes atteintes de fibromyalgie sont des femmes (ratio femme\/homme de 7:1). Cependant, les hommes et les enfants peuvent \u00e9galement \u00eatre atteints de cette maladie.<\/li>\n\n\n\n<li>La plupart des gens sont diagnostiqu\u00e9s \u00e0 l\u2019\u00e2ge m\u00fbr et la pr\u00e9valence augmente \u00e0 mesure que la g\u00e9n\u00e9ration vieillit.<\/li>\n<\/ul>\n\n\n\n<h2 class=\"wp-block-heading\" style=\"font-size:18px\">Comment diagnostique-t-on la fibromyalgie ?<\/h2>\n\n\n\n<p class=\"has-black-color has-text-color has-link-color wp-elements-438b8903bb151d003b64a13b03f4549c\" style=\"font-size:18px\">Le diagnostic de fibromyalgie est pos\u00e9 par le m\u00e9decin en comparant les sympt\u00f4mes du patient \u00e0 un crit\u00e8re ou en effectuant un test des points sensibles. Si 11 des 18 zones de tissu conjonctif du corps sont sensibles lorsqu'une pression est appliqu\u00e9e, et qu'aucune autre explication n'est trouv\u00e9e \u00e0 cette douleur, alors la personne souffre probablement de fibromyalgie.<\/p>\n\n\n\n<p class=\"has-black-color has-text-color has-link-color wp-elements-477b9998197a49a11a67648422f4ff72\" style=\"font-size:18px\">Les d\u00e9finitions ci-dessus sont prises avec la permission de Pandora Org et du CDC.&nbsp;<\/p>\n\n\n\n<p class=\"has-black-color has-text-color has-link-color wp-elements-ad6fe4bc79be0fedb721b1d0a83e2b7d\" style=\"font-size:18px\">Les progr\u00e8s de la recherche sur l\u2019EM\/SFC peuvent \u00e9galement aider \u00e0 trouver des r\u00e9ponses sur la fibromyalgie, car de nombreux sympt\u00f4mes sont identiques ou tr\u00e8s similaires. De plus, de nombreuses personnes ayant re\u00e7u un diagnostic de fibromyalgie souffrent \u00e9galement d\u2019EM\/SFC sans le savoir.<\/p>\n\n\n\n<p class=\"has-black-color has-text-color has-link-color wp-elements-a96d39ab062077f44e0ac253317f39e4\" style=\"font-size:18px\">La fibromyalgie est g\u00e9n\u00e9ralement diagnostiqu\u00e9e par des rhumatologues, mais en raison de la forte pr\u00e9valence de la maladie, de nombreux patients ne sont pas en mesure de demander conseil \u00e0 un sp\u00e9cialiste. Par cons\u00e9quent, les m\u00e9decins de soins primaires sont les mieux plac\u00e9s pour assumer ce r\u00f4le, comme le recommandent les Lignes directrices canadiennes sur la fibromyalgie de 2012. Dans cette revue, les auteurs fournissent des outils fond\u00e9s sur des donn\u00e9es probantes aux m\u00e9decins de soins primaires pour \u00e9tablir le diagnostic et g\u00e9rer la maladie \u00e0 long terme.<\/p>\n\n\n\n<div class=\"wp-block-columns is-not-stacked-on-mobile is-layout-flex wp-container-core-columns-is-layout-9d6595d7 wp-block-columns-is-layout-flex\">\n<div class=\"wp-block-column is-layout-flow wp-block-column-is-layout-flow\" style=\"flex-basis:25%\">\n<p><\/p>\n<\/div>\n\n\n\n<div class=\"wp-block-column is-layout-flow wp-block-column-is-layout-flow\" style=\"flex-basis:50%\">\n<hr class=\"wp-block-separator has-text-color has-alpha-channel-opacity has-background\" style=\"background-color:#6a0dad;color:#6a0dad\"\/>\n\n\n\n<p class=\"has-text-align-center\">\"We are the first ones to develop guidelines that look at diagnosis, treatment and follow-up of fibromyalgia,\" says Dr. Mary-Ann Fitzcharles, corresponding author from the Research Institute of the MUHC and MUHC's rheumatologist. \"Currently, there is no cure for fibromyalgia but the guidelines set out the most appropriate management strategy.\" (2013)<\/p>\n\n\n\n<hr class=\"wp-block-separator has-text-color has-alpha-channel-opacity has-background\" style=\"background-color:#6a0dad;color:#6a0dad\"\/>\n<\/div>\n\n\n\n<div class=\"wp-block-column is-layout-flow wp-block-column-is-layout-flow\" style=\"flex-basis:25%\"><\/div>\n<\/div>\n\n\n\n<h2 class=\"wp-block-heading\" style=\"font-size:18px\"> Options de traitement<\/h2>\n\n\n\n<p class=\"has-black-color has-text-color has-link-color wp-elements-c6ff0e42d9fba684df7e3b5994799be4\" style=\"font-size:18px\">Les auteurs recommandent des interventions non m\u00e9dicamenteuses telles que l'exercice, les techniques de relaxation, la th\u00e9rapie cognitivo-comportementale, ainsi que des m\u00e9dicaments adapt\u00e9s \u00e0 chaque patient. L'objectif principal du traitement est d'am\u00e9liorer la qualit\u00e9 de vie en soulageant le(s) sympt\u00f4me(s) le(s) plus g\u00eanant(s), la douleur \u00e9tant reconnue comme le(s) plus fr\u00e9quent(s) et le(s) plus grave(s).<br><br><\/p>\n\n\n\n<p class=\"has-text-color has-link-color wp-elements-bed77f334a9863a584d811f7b76fdf6d translation-block\" style=\"color:#333333;font-size:16px\">Sources\u00a0: <a href=\"https:\/\/www.mcgill.ca\" target=\"_blank\" rel=\"noopener\"><em>Centre universitaire de sant\u00e9 McGill (CUSM)<\/em><\/a><em> et Universit\u00e9 de Calgary - <\/em>Nouvelles lignes directrices canadiennes pour le traitement de la fibromyalgie \u2013 Publi\u00e9es le 8\u00a0mai\u00a02013 dans le CMAJ (Canadian Medical Association Journal)<\/p>\n\n\n\n\n<ul class=\"wp-block-latest-posts__list wp-block-latest-posts\"><\/ul>","protected":false},"excerpt":{"rendered":"<p>La fibromyalgie est une maladie chronique qui provoque des douleurs g\u00e9n\u00e9ralis\u00e9es, de la fatigue et divers autres sympt\u00f4mes pouvant affecter la vie quotidienne. Bien que sa cause exacte soit inconnue, on pense qu'elle implique la fa\u00e7on dont le cerveau traite les signaux de douleur, amplifiant ainsi les sensations ordinaires.<\/p>","protected":false},"author":3,"featured_media":22340,"comment_status":"open","ping_status":"open","sticky":false,"template":"","format":"standard","meta":{"_acf_changed":false,"pmpro_default_level":"","footnotes":""},"categories":[20,12],"tags":[],"class_list":["post-12978","post","type-post","status-publish","format-standard","has-post-thumbnail","hentry","category-education-highlights","category-understanding-fm","pmpro-has-access"],"acf":[],"_links":{"self":[{"href":"https:\/\/www.fibrocanada.ca\/fr\/wp-json\/wp\/v2\/posts\/12978","targetHints":{"allow":["GET"]}}],"collection":[{"href":"https:\/\/www.fibrocanada.ca\/fr\/wp-json\/wp\/v2\/posts"}],"about":[{"href":"https:\/\/www.fibrocanada.ca\/fr\/wp-json\/wp\/v2\/types\/post"}],"author":[{"embeddable":true,"href":"https:\/\/www.fibrocanada.ca\/fr\/wp-json\/wp\/v2\/users\/3"}],"replies":[{"embeddable":true,"href":"https:\/\/www.fibrocanada.ca\/fr\/wp-json\/wp\/v2\/comments?post=12978"}],"version-history":[{"count":0,"href":"https:\/\/www.fibrocanada.ca\/fr\/wp-json\/wp\/v2\/posts\/12978\/revisions"}],"wp:featuredmedia":[{"embeddable":true,"href":"https:\/\/www.fibrocanada.ca\/fr\/wp-json\/wp\/v2\/media\/22340"}],"wp:attachment":[{"href":"https:\/\/www.fibrocanada.ca\/fr\/wp-json\/wp\/v2\/media?parent=12978"}],"wp:term":[{"taxonomy":"category","embeddable":true,"href":"https:\/\/www.fibrocanada.ca\/fr\/wp-json\/wp\/v2\/categories?post=12978"},{"taxonomy":"post_tag","embeddable":true,"href":"https:\/\/www.fibrocanada.ca\/fr\/wp-json\/wp\/v2\/tags?post=12978"}],"curies":[{"name":"wp","href":"https:\/\/api.w.org\/{rel}","templated":true}]}}