{"id":10619,"date":"2023-11-10T16:36:55","date_gmt":"2023-11-10T21:36:55","guid":{"rendered":"https:\/\/fibrocanada.ca\/?p=10619"},"modified":"2026-03-11T09:18:37","modified_gmt":"2026-03-11T13:18:37","slug":"adversity-resilience-older-adults","status":"publish","type":"post","link":"https:\/\/www.fibrocanada.ca\/fr\/adversity-resilience-older-adults","title":{"rendered":"Adversit\u00e9 et r\u00e9silience chez les personnes \u00e2g\u00e9es souffrant de douleur chronique"},"content":{"rendered":"<div class=\"et_pb_section_0 et_pb_section et_section_regular et_flex_section\"><div class=\"et_pb_row_0 et_pb_row et_flex_row\"><div class=\"et_pb_column_0 et_pb_column et-last-child et_block_column et_pb_css_mix_blend_mode_passthrough et_flex_column_24_24 et_flex_column_24_24_tablet et_flex_column_24_24_phone et_flex_column_24_24_tabletWide et_flex_column_24_24_widescreen et_flex_column_24_24_ultraWide preset--module--divi-column--default\"><div class=\"et_pb_text_0 et_pb_text et_pb_bg_layout_light et_pb_module et_flex_module preset--module--divi-text--default\"><div class=\"et_pb_text_inner\"><p><!-- wp:paragraph {\"style\":{\"color\":{\"text\":\"#888888\"}}} --><\/p>\n<p class=\"has-text-color\" style=\"color:#888888\">Publi\u00e9 le 26 octobre 2022<\/p>\n<p><!-- \/wp:paragraph --><\/p>\n<p><!-- wp:columns --><\/p>\n<div class=\"wp-block-columns\"><!-- wp:column {\"width\":\"66.66%\"} --><\/p>\n<div class=\"wp-block-column\" style=\"flex-basis:66.66%\"><!-- wp:paragraph {\"align\":\"left\",\"style\":{\"typography\":{\"fontSize\":\"18px\"}}} --><\/p>\n<p class=\"has-text-align-left translation-block\" style=\"font-size:18px\">Description\u00a0: Nous recherchons des Canadiens \u00e2g\u00e9s d\u2019au moins 65\u00a0ans et vivant avec de la douleur chronique pour participer \u00e0 une \u00e9tude examinant le r\u00f4le de l\u2019adversit\u00e9 et de la r\u00e9silience dans l\u2019exp\u00e9rience de la douleur. \u00c0 titre de participant, vous devrez remplir une s\u00e9rie de questionnaires d\u2019auto-\u00e9valuation anonymes. Votre participation comprendra une s\u00e9ance d\u2019environ 60\u00a0minutes.<\/p>\n<p><!-- \/wp:paragraph --><\/p>\n<p><!-- wp:paragraph {\"style\":{\"typography\":{\"fontSize\":\"18px\"}}} --><\/p>\n<p style=\"font-size:18px\">En remerciement de votre temps, vous participerez \u00e0 un tirage au sort pour gagner l'une des 10 cartes-cadeaux de 50 $. Pour participer \u00e0 cette \u00e9tude, veuillez suivre ces \u00e9tapes\u00a0: rendez-vous sur , r\u00e9pondez \u00e0 quelques questions pour d\u00e9terminer votre admissibilit\u00e9. Si vous \u00eates admissible, vous devrez remplir une s\u00e9rie de questionnaires d'auto-\u00e9valuation anonymes. <\/p>\n<p><!-- \/wp:paragraph --><\/p>\n<p><!-- wp:paragraph {\"style\":{\"typography\":{\"fontSize\":\"18px\"}}} --><\/p>\n<p style=\"font-size:18px\" class=\"translation-block\">Pour plus d'informations sur cette \u00e9tude, veuillez communiquer avec l'Unit\u00e9 de recherche sur le vieillissement, les r\u00e9sidents et les aidants (ARC) \u00e0 l'adresse <a href=\"mailto:arcresearch@uregina.ca\" target=\"_self\">arcresearch@uregina.ca<\/a>. Cette \u00e9tude a \u00e9t\u00e9 examin\u00e9e et approuv\u00e9e par le Comit\u00e9 d'\u00e9thique de la recherche de l'Universit\u00e9 de Regina.<\/p>\n<p><!-- \/wp:paragraph --><\/div>\n<p><!-- \/wp:column --><\/p>\n<p><!-- wp:column {\"width\":\"33.33%\"} --><\/p>\n<div class=\"wp-block-column\" style=\"flex-basis:33.33%\"><!-- wp:image {\"align\":\"center\",\"id\":6400,\"width\":\"362px\",\"height\":\"512px\",\"scale\":\"cover\",\"sizeSlug\":\"medium\",\"linkDestination\":\"none\"} --><\/p>\n<figure class=\"wp-block-image aligncenter size-medium is-resized\"><img loading=\"lazy\" decoding=\"async\" width=\"212\" height=\"300\" src=\"https:\/\/fibrocanada.ca\/wp-content\/uploads\/2022\/10\/Color-ARC-Poster-Final-Copy-2-212x300.jpg\" alt=\"\" class=\"wp-image-6400\" style=\"object-fit:cover;width:362px;height:512px\"\/><figcaption class=\"wp-element-caption\">(cette \u00e9tude est en anglais uniquement)<\/figcaption><\/figure>\n<p><!-- \/wp:image --><\/div>\n<p><!-- \/wp:column --><\/div>\n<p><!-- \/wp:columns --><\/p>\n<p><!-- wp:block {\"ref\":1057} \/--><\/p>\n<p><!-- wp:block {\"ref\":1823} \/--><\/p>\n<\/div><\/div><\/div><\/div><\/div>","protected":false},"excerpt":{"rendered":"<p>Nous recherchons des Canadiens vivant avec de la douleur chronique et \u00e2g\u00e9s d\u2019au moins 65 ans pour participer \u00e0 une \u00e9tude examinant le r\u00f4le de l\u2019adversit\u00e9 et de la r\u00e9silience dans l\u2019exp\u00e9rience de la douleur. <\/p>","protected":false},"author":3,"featured_media":20388,"comment_status":"open","ping_status":"open","sticky":false,"template":"","format":"standard","meta":{"_acf_changed":false,"pmpro_default_level":"","footnotes":""},"categories":[51],"tags":[],"class_list":["post-10619","post","type-post","status-publish","format-standard","has-post-thumbnail","hentry","category-past","pmpro-has-access"],"acf":[],"_links":{"self":[{"href":"https:\/\/www.fibrocanada.ca\/fr\/wp-json\/wp\/v2\/posts\/10619","targetHints":{"allow":["GET"]}}],"collection":[{"href":"https:\/\/www.fibrocanada.ca\/fr\/wp-json\/wp\/v2\/posts"}],"about":[{"href":"https:\/\/www.fibrocanada.ca\/fr\/wp-json\/wp\/v2\/types\/post"}],"author":[{"embeddable":true,"href":"https:\/\/www.fibrocanada.ca\/fr\/wp-json\/wp\/v2\/users\/3"}],"replies":[{"embeddable":true,"href":"https:\/\/www.fibrocanada.ca\/fr\/wp-json\/wp\/v2\/comments?post=10619"}],"version-history":[{"count":0,"href":"https:\/\/www.fibrocanada.ca\/fr\/wp-json\/wp\/v2\/posts\/10619\/revisions"}],"wp:featuredmedia":[{"embeddable":true,"href":"https:\/\/www.fibrocanada.ca\/fr\/wp-json\/wp\/v2\/media\/20388"}],"wp:attachment":[{"href":"https:\/\/www.fibrocanada.ca\/fr\/wp-json\/wp\/v2\/media?parent=10619"}],"wp:term":[{"taxonomy":"category","embeddable":true,"href":"https:\/\/www.fibrocanada.ca\/fr\/wp-json\/wp\/v2\/categories?post=10619"},{"taxonomy":"post_tag","embeddable":true,"href":"https:\/\/www.fibrocanada.ca\/fr\/wp-json\/wp\/v2\/tags?post=10619"}],"curies":[{"name":"wp","href":"https:\/\/api.w.org\/{rel}","templated":true}]}}